{"id":1428,"date":"2021-02-12T16:21:54","date_gmt":"2021-02-12T15:21:54","guid":{"rendered":"https:\/\/vichot.com\/?p=1428"},"modified":"2021-02-12T16:21:55","modified_gmt":"2021-02-12T15:21:55","slug":"buste-dhomme-attribue-a-claude-andre-deseine-1740-1823","status":"publish","type":"post","link":"https:\/\/vichot.com\/en\/buste-dhomme-attribue-a-claude-andre-deseine-1740-1823\/","title":{"rendered":"Buste d&rsquo;homme                                                                     Attribu\u00e9 \u00e0 Claude-Andr\u00e9 DESEINE (1740-1823)"},"content":{"rendered":"<p>Buste d&rsquo;homme en terre crue ; sur un socle en marbre bleu turquin.<\/p>\n\n\n\n<p>Dimensions : H : 23,2 in ( including base 5 in) - W : 14 in -D : 10,2 inches<\/p>\n\n\n\n<p>C&rsquo;est \u00e0 Claude-Andr\u00e9 Deseine que nous proposons d&rsquo;attribuer ce beau buste probablement sculpt\u00e9 dans les derni\u00e8res ann\u00e9es du 18\u00e8me si\u00e8cle. Claude-Andr\u00e9 Deseine na\u00eet \u00e0 Paris le 12 avril 1740 au sein d&rsquo;une fratrie d&rsquo;artistes dont il est l&rsquo;a\u00een\u00e9. Louis-Pierre Deseine (1749-1822) est lui aussi sculpteur et Louis-Etienne Deseine (1752-1783) est architecte de son \u00e9tat. El\u00e8ve d&rsquo;Augustin PAJOU (1730-1783) au sein de l&rsquo;\u00e9cole acad\u00e9mique, Claude-Andr\u00e9 est inscrit d\u00e8s 1774 et re\u00e7oit en 1778 le troisi\u00e8me prix du quartier de Janvier (1).  Il expose aux Salons de 1782, 1791 et 1793 avec un go\u00fbt prononc\u00e9 pour l&rsquo;ex\u00e9cution de portraits (2).                       <\/p>\n\n\n\n<p>Contrairement \u00e0 son fr\u00e8re Louis-Pierre qui sera plut\u00f4t effac\u00e9 lors des \u00e9v\u00e8nements r\u00e9volutionnaires, Claude-Andr\u00e9 Deseine en \u00e9pouse les id\u00e9es et se rend ainsi utile comme sculpteur de personnalit\u00e9s. Il ex\u00e9cute notamment le portrait de Maximilien ROBESPIERRE (1758-1774) aujourd&rsquo;hui conserv\u00e9 au mus\u00e9e de la R\u00e9volution fran\u00e7aise de Vizille(3), mais aussi le portrait de Mirabeau (4) ou encore le portrait de Lepeletier de Saint-Fargeau (5) ; voire le visage de l&rsquo;\u00e9pouse de Danton qui aura \u00e9t\u00e9 exhum\u00e9e quelques jours apr\u00e8s son inhumation, sur ordre de son \u00e9poux, pour en r\u00e9aliser le moulage. <\/p>\n\n\n\n<p class=\"translation-block\">(1) Anne-Marie de Lapparent, <em>Louis-Pierre Deseine<\/em>, Paris, CTHS, collection Arch\u00e9ologie et Histoire de l\u2019Art, n\u00b032, 2012, p.21. (2) Sanchez P., <em>Dictionnaire des artistes exposant dans les Salons des XVII et XVIII\u00e8me si\u00e8cles \u00e0 Paris et en Province,<\/em> vol. 1, 2004, pp. 510-511. (3) <em>Maximilien Robespierre <\/em>, terre cuite, Vizille, mus\u00e9e de la R\u00e9volution fran\u00e7aise, inv. 1986-243. (4) <em>Mirabeau<\/em>, pl\u00e2tre, 1791, Rennes, mus\u00e9e des Beaux-Arts, inv. 877.32.1 (5) <em>Lepeltier de Saint-Fargeau<\/em>, pl\u00e2tre, 1793, Bourges, H\u00f4tel Lallemant, mus\u00e9e des arts d\u00e9coratifs.<\/p>\n\n\n\n<p><\/p>\n\n\n\n<p><\/p>","protected":false},"excerpt":{"rendered":"<p>Buste d&rsquo;homme en terre crue ; sur un socle en marbre bleu turquin. Dimensions : H : 59 cm ( dont socle 13 cm) &#8211; L : 36 cm &#8211; P : 26 cm C&rsquo;est \u00e0 Claude-Andr\u00e9 Deseine que nous proposons d&rsquo;attribuer ce beau buste probablement sculpt\u00e9 dans les derni\u00e8res ann\u00e9es du 18\u00e8me si\u00e8cle. Claude-Andr\u00e9 &hellip; <\/p>\n<p class=\"link-more\"><a href=\"https:\/\/vichot.com\/en\/buste-dhomme-attribue-a-claude-andre-deseine-1740-1823\/\" class=\"more-link\">Continue reading<span class=\"screen-reader-text\"> \u00ab\u00a0Buste d&rsquo;homme                                                                     Attribu\u00e9 \u00e0 Claude-Andr\u00e9 DESEINE (1740-1823)\u00a0\u00bb<\/span><\/a><\/p>","protected":false},"author":2,"featured_media":1429,"comment_status":"open","ping_status":"open","sticky":false,"template":"","format":"standard","meta":{"_acf_changed":false,"footnotes":""},"categories":[19],"tags":[],"class_list":["post-1428","post","type-post","status-publish","format-standard","has-post-thumbnail","hentry","category-sculpture"],"acf":[],"_links":{"self":[{"href":"https:\/\/vichot.com\/en\/wp-json\/wp\/v2\/posts\/1428"}],"collection":[{"href":"https:\/\/vichot.com\/en\/wp-json\/wp\/v2\/posts"}],"about":[{"href":"https:\/\/vichot.com\/en\/wp-json\/wp\/v2\/types\/post"}],"author":[{"embeddable":true,"href":"https:\/\/vichot.com\/en\/wp-json\/wp\/v2\/users\/2"}],"replies":[{"embeddable":true,"href":"https:\/\/vichot.com\/en\/wp-json\/wp\/v2\/comments?post=1428"}],"version-history":[{"count":1,"href":"https:\/\/vichot.com\/en\/wp-json\/wp\/v2\/posts\/1428\/revisions"}],"predecessor-version":[{"id":1430,"href":"https:\/\/vichot.com\/en\/wp-json\/wp\/v2\/posts\/1428\/revisions\/1430"}],"wp:featuredmedia":[{"embeddable":true,"href":"https:\/\/vichot.com\/en\/wp-json\/wp\/v2\/media\/1429"}],"wp:attachment":[{"href":"https:\/\/vichot.com\/en\/wp-json\/wp\/v2\/media?parent=1428"}],"wp:term":[{"taxonomy":"category","embeddable":true,"href":"https:\/\/vichot.com\/en\/wp-json\/wp\/v2\/categories?post=1428"},{"taxonomy":"post_tag","embeddable":true,"href":"https:\/\/vichot.com\/en\/wp-json\/wp\/v2\/tags?post=1428"}],"curies":[{"name":"wp","href":"https:\/\/api.w.org\/{rel}","templated":true}]}}